{"id":1027,"date":"2025-04-23T11:05:45","date_gmt":"2025-04-23T09:05:45","guid":{"rendered":"https:\/\/intermife.fr\/intermifeaura\/?p=1027"},"modified":"2025-04-23T11:05:45","modified_gmt":"2025-04-23T09:05:45","slug":"web-conference-deconstruire-les-stereotypes-et-reveler-le-potentiel-des-talents-experimentes-en-entreprise","status":"publish","type":"post","link":"https:\/\/intermife.fr\/intermifeaura\/web-conference-deconstruire-les-stereotypes-et-reveler-le-potentiel-des-talents-experimentes-en-entreprise\/","title":{"rendered":"Web conf\u00e9rence &#8220;&#8221;D\u00e9construire les st\u00e9r\u00e9otypes et r\u00e9v\u00e9ler le potentiel des talents exp\u00e9riment\u00e9s en entreprise&#8221;"},"content":{"rendered":"<p>Et si on changeait de regard sur les talents exp\u00e9riment\u00e9s ?<\/p>\n<p>Trop souvent exclus des politiques RH, les seniors sont frein\u00e9s par des st\u00e9r\u00e9otypes d\u00e9pass\u00e9s. Pourtant, leur exp\u00e9rience est un atout pr\u00e9cieux pour l\u2019entreprise !<\/p>\n<p>\ud83c\udf99\ufe0f Lors de cette webconf\u00e9rence, Audric Mazzietti nous montre comment d\u00e9construire ces pr\u00e9jug\u00e9s gr\u00e2ce aux apports de la psychologie et du monde du travail.<\/p>\n<p>\ud83d\udcc5 Un rendez-vous cl\u00e9 pour b\u00e2tir une culture RH plus inclusive, interg\u00e9n\u00e9rationnelle et performante.<\/p>\n<p style=\"text-align: center;\"><strong><span style=\"font-size: 24pt; color: #800080;\">Inscription : <a style=\"color: #800080;\" href=\"https:\/\/events.teams.microsoft.com\/event\/663508b5-7ce5-484d-97cc-0ccdfbaf7738@43a51b00-dbf0-41a2-bf30-faff40b0073c\">ici<\/a><\/span><\/strong><\/p>\n","protected":false},"excerpt":{"rendered":"<p>Et si on changeait de regard sur les talents exp\u00e9riment\u00e9s ? Trop souvent exclus des politiques RH, les seniors sont frein\u00e9s par des st\u00e9r\u00e9otypes d\u00e9pass\u00e9s. Pourtant, leur exp\u00e9rience est un atout pr\u00e9cieux pour l\u2019entreprise ! \ud83c\udf99\ufe0f Lors de cette webconf\u00e9rence, Audric Mazzietti nous montre comment d\u00e9construire ces pr\u00e9jug\u00e9s gr\u00e2ce aux apports de la psychologie et [&hellip;]<\/p>\n","protected":false},"author":8,"featured_media":1028,"comment_status":"closed","ping_status":"open","sticky":false,"template":"","format":"standard","meta":[],"categories":[4],"tags":[],"_links":{"self":[{"href":"https:\/\/intermife.fr\/intermifeaura\/wp-json\/wp\/v2\/posts\/1027"}],"collection":[{"href":"https:\/\/intermife.fr\/intermifeaura\/wp-json\/wp\/v2\/posts"}],"about":[{"href":"https:\/\/intermife.fr\/intermifeaura\/wp-json\/wp\/v2\/types\/post"}],"author":[{"embeddable":true,"href":"https:\/\/intermife.fr\/intermifeaura\/wp-json\/wp\/v2\/users\/8"}],"replies":[{"embeddable":true,"href":"https:\/\/intermife.fr\/intermifeaura\/wp-json\/wp\/v2\/comments?post=1027"}],"version-history":[{"count":1,"href":"https:\/\/intermife.fr\/intermifeaura\/wp-json\/wp\/v2\/posts\/1027\/revisions"}],"predecessor-version":[{"id":1029,"href":"https:\/\/intermife.fr\/intermifeaura\/wp-json\/wp\/v2\/posts\/1027\/revisions\/1029"}],"wp:featuredmedia":[{"embeddable":true,"href":"https:\/\/intermife.fr\/intermifeaura\/wp-json\/wp\/v2\/media\/1028"}],"wp:attachment":[{"href":"https:\/\/intermife.fr\/intermifeaura\/wp-json\/wp\/v2\/media?parent=1027"}],"wp:term":[{"taxonomy":"category","embeddable":true,"href":"https:\/\/intermife.fr\/intermifeaura\/wp-json\/wp\/v2\/categories?post=1027"},{"taxonomy":"post_tag","embeddable":true,"href":"https:\/\/intermife.fr\/intermifeaura\/wp-json\/wp\/v2\/tags?post=1027"}],"curies":[{"name":"wp","href":"https:\/\/api.w.org\/{rel}","templated":true}]}}