{"id":165,"date":"2021-04-17T09:48:48","date_gmt":"2021-04-17T07:48:48","guid":{"rendered":"https:\/\/intermife.fr\/intermifeaura\/?p=165"},"modified":"2021-04-17T09:48:48","modified_gmt":"2021-04-17T07:48:48","slug":"forum-un-metier-pour-chacun","status":"publish","type":"post","link":"https:\/\/intermife.fr\/intermifeaura\/forum-un-metier-pour-chacun\/","title":{"rendered":"Forum un m\u00e9tier pour chacun"},"content":{"rendered":"<p>La MIFE Auvergne en partenariat avec la Mission Locale du Velay organise la premi\u00e8re \u00e9dition du Forum &#8220;Un m\u00e9tier pour chacun&#8221; consacr\u00e9 aux m\u00e9tiers d&#8217;aide \u00e0 la personne.<\/p>\n<p>Il aura lieu \u00e0 la cit\u00e9 N\u00e9gocia 2 rue Pierret le 2 avril de 10h \u00e0 18h.<\/p>\n<p>Nous vous attendons nombreuses et nombreux pour d\u00e9couvrir les m\u00e9tiers du secteurs, les formations et leurs modalit\u00e9s &#8230;<\/p>\n<p><!--more--><\/p>\n<p>Venez rencontrer les professionnels du secteurs : employeurs et salari\u00e9.e.s.<\/p>\n<p>D\u00e9couvrez la validation des acquis de l&#8217;Exp\u00e9rience pour acc\u00e9der \u00e0 la certification<\/p>\n<p>Ce salon se d\u00e9roulera en distanciel et en pr\u00e9sentiel pour vous inscrire <a href=\"mailto:unmetierpourchacun@gmail.com\" target=\"_blank\" rel=\"noopener\"><em><strong><span style=\"color: #2e3192;\">unmetierpourchacun@gmail.com<\/span><\/strong><\/em><\/a><\/p>\n","protected":false},"excerpt":{"rendered":"<p>La MIFE Auvergne en partenariat avec la Mission Locale du Velay organise la premi\u00e8re \u00e9dition du Forum &#8220;Un m\u00e9tier pour chacun&#8221; consacr\u00e9 aux m\u00e9tiers d&#8217;aide \u00e0 la personne. Il aura lieu \u00e0 la cit\u00e9 N\u00e9gocia 2 rue Pierret le 2 avril de 10h \u00e0 18h. Nous vous attendons nombreuses et nombreux pour d\u00e9couvrir les m\u00e9tiers [&hellip;]<\/p>\n","protected":false},"author":3,"featured_media":166,"comment_status":"closed","ping_status":"open","sticky":false,"template":"","format":"standard","meta":[],"categories":[4],"tags":[],"_links":{"self":[{"href":"https:\/\/intermife.fr\/intermifeaura\/wp-json\/wp\/v2\/posts\/165"}],"collection":[{"href":"https:\/\/intermife.fr\/intermifeaura\/wp-json\/wp\/v2\/posts"}],"about":[{"href":"https:\/\/intermife.fr\/intermifeaura\/wp-json\/wp\/v2\/types\/post"}],"author":[{"embeddable":true,"href":"https:\/\/intermife.fr\/intermifeaura\/wp-json\/wp\/v2\/users\/3"}],"replies":[{"embeddable":true,"href":"https:\/\/intermife.fr\/intermifeaura\/wp-json\/wp\/v2\/comments?post=165"}],"version-history":[{"count":2,"href":"https:\/\/intermife.fr\/intermifeaura\/wp-json\/wp\/v2\/posts\/165\/revisions"}],"predecessor-version":[{"id":295,"href":"https:\/\/intermife.fr\/intermifeaura\/wp-json\/wp\/v2\/posts\/165\/revisions\/295"}],"wp:featuredmedia":[{"embeddable":true,"href":"https:\/\/intermife.fr\/intermifeaura\/wp-json\/wp\/v2\/media\/166"}],"wp:attachment":[{"href":"https:\/\/intermife.fr\/intermifeaura\/wp-json\/wp\/v2\/media?parent=165"}],"wp:term":[{"taxonomy":"category","embeddable":true,"href":"https:\/\/intermife.fr\/intermifeaura\/wp-json\/wp\/v2\/categories?post=165"},{"taxonomy":"post_tag","embeddable":true,"href":"https:\/\/intermife.fr\/intermifeaura\/wp-json\/wp\/v2\/tags?post=165"}],"curies":[{"name":"wp","href":"https:\/\/api.w.org\/{rel}","templated":true}]}}