{"id":319,"date":"2021-05-05T15:47:59","date_gmt":"2021-05-05T13:47:59","guid":{"rendered":"https:\/\/intermife.fr\/intermifeaura\/?p=319"},"modified":"2021-05-05T15:48:13","modified_gmt":"2021-05-05T13:48:13","slug":"jeunes-dauvergne-rhone-alpes-vous-avez-5-minutes","status":"publish","type":"post","link":"https:\/\/intermife.fr\/intermifeaura\/jeunes-dauvergne-rhone-alpes-vous-avez-5-minutes\/","title":{"rendered":"Jeunes d&#8217;Auvergne Rh\u00f4ne Alpes : Vous avez 5 minutes ?"},"content":{"rendered":"<p><img loading=\"lazy\" class=\"alignleft wp-image-321 size-medium\" src=\"https:\/\/intermife.fr\/intermifeaura\/wp-content\/uploads\/sites\/2\/2021\/05\/Simulateur-d_aides-visuel-cl\u00e9-2-212x300.jpg\" alt=\"\" width=\"212\" height=\"300\" srcset=\"https:\/\/intermife.fr\/intermifeaura\/wp-content\/uploads\/sites\/2\/2021\/05\/Simulateur-d_aides-visuel-cl\u00e9-2-212x300.jpg 212w, https:\/\/intermife.fr\/intermifeaura\/wp-content\/uploads\/sites\/2\/2021\/05\/Simulateur-d_aides-visuel-cl\u00e9-2-768x1086.jpg 768w, https:\/\/intermife.fr\/intermifeaura\/wp-content\/uploads\/sites\/2\/2021\/05\/Simulateur-d_aides-visuel-cl\u00e9-2-724x1024.jpg 724w, https:\/\/intermife.fr\/intermifeaura\/wp-content\/uploads\/sites\/2\/2021\/05\/Simulateur-d_aides-visuel-cl\u00e9-2-830x1174.jpg 830w, https:\/\/intermife.fr\/intermifeaura\/wp-content\/uploads\/sites\/2\/2021\/05\/Simulateur-d_aides-visuel-cl\u00e9-2-230x325.jpg 230w, https:\/\/intermife.fr\/intermifeaura\/wp-content\/uploads\/sites\/2\/2021\/05\/Simulateur-d_aides-visuel-cl\u00e9-2-350x495.jpg 350w, https:\/\/intermife.fr\/intermifeaura\/wp-content\/uploads\/sites\/2\/2021\/05\/Simulateur-d_aides-visuel-cl\u00e9-2-480x679.jpg 480w, https:\/\/intermife.fr\/intermifeaura\/wp-content\/uploads\/sites\/2\/2021\/05\/Simulateur-d_aides-visuel-cl\u00e9-2.jpg 1241w\" sizes=\"(max-width: 212px) 100vw, 212px\" \/><span style=\"font-size: 10pt;\">Vous avez moins de 30 ans ? Vous avez droit \u00e0 des aides adapt\u00e9es \u00e0 votre situation. C\u2019est simple: prenez 5 minutes, r\u00e9pondez aux questions en ligne et d\u00e9couvrez instantan\u00e9ment toutes les aides pour vous. Culture, emploi, logement, sant\u00e9, permis de conduire\u2026 Toutes les aides en direction des jeunes sont maintenant au m\u00eame endroit pour vous simplifier la vie.<\/span><\/p>\n<p><span style=\"font-size: 10pt;\">Rendez-vous sur <a href=\"https:\/\/www.1jeune1solution.gouv.fr\/mes-aides\">1jeune1solution.gouv.fr\/mes-aides<\/a><\/span><\/p>\n<p><span style=\"font-size: 10pt;\">Comment \u00e7a marche\u00a0? Regardez la vid\u00e9o explicative : <a href=\"https:\/\/youtu.be\/bj_z251DpaI\">https:\/\/youtu.be\/bj_z251DpaI<\/a><\/span><\/p>\n<p><span style=\"font-size: 10pt;\">Ce nouveau service vient enrichir l\u2019offre mise \u00e0 disposition des jeunes sur <a href=\"https:\/\/www.1jeune1solution.gouv.fr\">1jeune1solution.gouv.fr<\/a>, pour que chaque jeune trouve la solution qui lui convient avec\u00a0:<\/span><\/p>\n<ul>\n<li><span style=\"font-size: 10pt;\">L\u2019acc\u00e8s \u00e0 200\u00a0000 offres d\u2019emploi et d\u2019alternance s\u00e9lectionn\u00e9es pour les jeunes\u00a0: <a href=\"https:\/\/www.1jeune1solution.gouv.fr\/emplois\">lien<\/a><\/span><\/li>\n<li><span style=\"font-size: 10pt;\">L\u2019acc\u00e8s \u00e0 pr\u00e8s de 20 000 offres de stage\u00a0: <a href=\"https:\/\/www.1jeune1solution.gouv.fr\/stages\">lien<\/a><\/span><\/li>\n<li><span style=\"font-size: 10pt;\">Un module gratuit d\u2019enregistrement de vid\u00e9o de motivation pour accompagner vos candidatures\u00a0: <a href=\"https:\/\/www.1jeune1solution.gouv.fr\/ma-video-de-motivation\">lien<\/a><\/span><\/li>\n<li><span style=\"font-size: 10pt;\">L\u2019inscription \u00e0 l\u2019un des 1\u00a0500 \u00e9v\u00e8nements d\u2019information ou de recrutement\u00a0: <a href=\"https:\/\/www.1jeune1solution.gouv.fr\/evenements\">lien<\/a>.<\/span><\/li>\n<li><span style=\"font-size: 10pt;\">Une ligne t\u00e9l\u00e9phonique d\u2019\u00e9coute et de conseil \u00e0 destination des parents et des jeunes\u00a0: 0\u00a0801\u00a0010\u00a0808<\/span><\/li>\n<\/ul>\n<p><span style=\"font-size: 10pt;\">Plusieurs mois apr\u00e8s le lancement du plan \u201c1 jeune, 1 solution\u201d, le Gouvernement a r\u00e9ussi son pari pour venir en aide \u00e0 la jeunesse face \u00e0 la crise \u00e9conomique. D\u00e9j\u00e0 pr\u00e8s d\u20191,4 millions de jeunes de moins de 26 ans ont \u00e9t\u00e9 embauch\u00e9s en CDI ou CDD de plus de 3 mois entre ao\u00fbt 2020 et f\u00e9vrier 2021.<\/span><\/p>\n<p>&nbsp;<\/p>\n","protected":false},"excerpt":{"rendered":"<p>Vous avez moins de 30 ans ? Vous avez droit \u00e0 des aides adapt\u00e9es \u00e0 votre situation. C\u2019est simple: prenez 5 minutes, r\u00e9pondez aux questions en ligne et d\u00e9couvrez instantan\u00e9ment toutes les aides pour vous. Culture, emploi, logement, sant\u00e9, permis de conduire\u2026 Toutes les aides en direction des jeunes sont maintenant au m\u00eame endroit pour [&hellip;]<\/p>\n","protected":false},"author":3,"featured_media":320,"comment_status":"closed","ping_status":"open","sticky":false,"template":"","format":"standard","meta":[],"categories":[4],"tags":[],"_links":{"self":[{"href":"https:\/\/intermife.fr\/intermifeaura\/wp-json\/wp\/v2\/posts\/319"}],"collection":[{"href":"https:\/\/intermife.fr\/intermifeaura\/wp-json\/wp\/v2\/posts"}],"about":[{"href":"https:\/\/intermife.fr\/intermifeaura\/wp-json\/wp\/v2\/types\/post"}],"author":[{"embeddable":true,"href":"https:\/\/intermife.fr\/intermifeaura\/wp-json\/wp\/v2\/users\/3"}],"replies":[{"embeddable":true,"href":"https:\/\/intermife.fr\/intermifeaura\/wp-json\/wp\/v2\/comments?post=319"}],"version-history":[{"count":1,"href":"https:\/\/intermife.fr\/intermifeaura\/wp-json\/wp\/v2\/posts\/319\/revisions"}],"predecessor-version":[{"id":322,"href":"https:\/\/intermife.fr\/intermifeaura\/wp-json\/wp\/v2\/posts\/319\/revisions\/322"}],"wp:featuredmedia":[{"embeddable":true,"href":"https:\/\/intermife.fr\/intermifeaura\/wp-json\/wp\/v2\/media\/320"}],"wp:attachment":[{"href":"https:\/\/intermife.fr\/intermifeaura\/wp-json\/wp\/v2\/media?parent=319"}],"wp:term":[{"taxonomy":"category","embeddable":true,"href":"https:\/\/intermife.fr\/intermifeaura\/wp-json\/wp\/v2\/categories?post=319"},{"taxonomy":"post_tag","embeddable":true,"href":"https:\/\/intermife.fr\/intermifeaura\/wp-json\/wp\/v2\/tags?post=319"}],"curies":[{"name":"wp","href":"https:\/\/api.w.org\/{rel}","templated":true}]}}