{"id":387,"date":"2021-07-23T14:12:42","date_gmt":"2021-07-23T12:12:42","guid":{"rendered":"https:\/\/intermife.fr\/intermifeaura\/?p=387"},"modified":"2021-12-08T16:01:15","modified_gmt":"2021-12-08T15:01:15","slug":"mife-63-reunions-dinformation-collectives-vae","status":"publish","type":"post","link":"https:\/\/intermife.fr\/intermifeaura\/mife-63-reunions-dinformation-collectives-vae\/","title":{"rendered":"MIFE 63 : r\u00e9unions d&#8217;information collectives VAE"},"content":{"rendered":"<p>Les r\u00e9unions d\u2019information collective sur la VAE se poursuivent \u00e0 Clermont Ferrand, la MIFE Auvergne P\u00f4le du Puy de D\u00f4me vous propose de nouvelles dates en pr\u00e9sentiel &#8211; Pour des soucis d&#8217;organisation votre <strong>inscription est n\u00e9cessaire<\/strong>.<\/p>\n<p data-wp-editing=\"1\"><img loading=\"lazy\" class=\"aligncenter wp-image-444 size-full\" src=\"https:\/\/intermife.fr\/intermifeaura\/wp-content\/uploads\/sites\/2\/2021\/07\/InfoCoVAE63-22.png\" alt=\"\" width=\"908\" height=\"642\" srcset=\"https:\/\/intermife.fr\/intermifeaura\/wp-content\/uploads\/sites\/2\/2021\/07\/InfoCoVAE63-22.png 908w, https:\/\/intermife.fr\/intermifeaura\/wp-content\/uploads\/sites\/2\/2021\/07\/InfoCoVAE63-22-300x212.png 300w, https:\/\/intermife.fr\/intermifeaura\/wp-content\/uploads\/sites\/2\/2021\/07\/InfoCoVAE63-22-768x543.png 768w, https:\/\/intermife.fr\/intermifeaura\/wp-content\/uploads\/sites\/2\/2021\/07\/InfoCoVAE63-22-830x587.png 830w, https:\/\/intermife.fr\/intermifeaura\/wp-content\/uploads\/sites\/2\/2021\/07\/InfoCoVAE63-22-230x163.png 230w, https:\/\/intermife.fr\/intermifeaura\/wp-content\/uploads\/sites\/2\/2021\/07\/InfoCoVAE63-22-350x247.png 350w, https:\/\/intermife.fr\/intermifeaura\/wp-content\/uploads\/sites\/2\/2021\/07\/InfoCoVAE63-22-480x339.png 480w\" sizes=\"(max-width: 908px) 100vw, 908px\" \/><\/p>\n","protected":false},"excerpt":{"rendered":"<p>Les r\u00e9unions d\u2019information collective sur la VAE se poursuivent \u00e0 Clermont Ferrand, la MIFE Auvergne P\u00f4le du Puy de D\u00f4me vous propose de nouvelles dates en pr\u00e9sentiel &#8211; Pour des soucis d&#8217;organisation votre inscription est n\u00e9cessaire.<\/p>\n","protected":false},"author":3,"featured_media":389,"comment_status":"closed","ping_status":"open","sticky":false,"template":"","format":"standard","meta":[],"categories":[4],"tags":[],"_links":{"self":[{"href":"https:\/\/intermife.fr\/intermifeaura\/wp-json\/wp\/v2\/posts\/387"}],"collection":[{"href":"https:\/\/intermife.fr\/intermifeaura\/wp-json\/wp\/v2\/posts"}],"about":[{"href":"https:\/\/intermife.fr\/intermifeaura\/wp-json\/wp\/v2\/types\/post"}],"author":[{"embeddable":true,"href":"https:\/\/intermife.fr\/intermifeaura\/wp-json\/wp\/v2\/users\/3"}],"replies":[{"embeddable":true,"href":"https:\/\/intermife.fr\/intermifeaura\/wp-json\/wp\/v2\/comments?post=387"}],"version-history":[{"count":3,"href":"https:\/\/intermife.fr\/intermifeaura\/wp-json\/wp\/v2\/posts\/387\/revisions"}],"predecessor-version":[{"id":445,"href":"https:\/\/intermife.fr\/intermifeaura\/wp-json\/wp\/v2\/posts\/387\/revisions\/445"}],"wp:featuredmedia":[{"embeddable":true,"href":"https:\/\/intermife.fr\/intermifeaura\/wp-json\/wp\/v2\/media\/389"}],"wp:attachment":[{"href":"https:\/\/intermife.fr\/intermifeaura\/wp-json\/wp\/v2\/media?parent=387"}],"wp:term":[{"taxonomy":"category","embeddable":true,"href":"https:\/\/intermife.fr\/intermifeaura\/wp-json\/wp\/v2\/categories?post=387"},{"taxonomy":"post_tag","embeddable":true,"href":"https:\/\/intermife.fr\/intermifeaura\/wp-json\/wp\/v2\/tags?post=387"}],"curies":[{"name":"wp","href":"https:\/\/api.w.org\/{rel}","templated":true}]}}