{"id":498,"date":"2022-05-05T11:38:53","date_gmt":"2022-05-05T09:38:53","guid":{"rendered":"https:\/\/intermife.fr\/intermifeaura\/?p=498"},"modified":"2022-05-05T11:39:15","modified_gmt":"2022-05-05T09:39:15","slug":"une-charte-signee-par-la-mife-de-lain-pour-les-seniors","status":"publish","type":"post","link":"https:\/\/intermife.fr\/intermifeaura\/une-charte-signee-par-la-mife-de-lain-pour-les-seniors\/","title":{"rendered":"Une charte sign\u00e9e par la Mife de l&#8217;Ain pour les seniors"},"content":{"rendered":"<p>La MIFE de l&#8217;Ain propose un dispositif permettant d&#8217;identifier les comp\u00e9tences d\u00e9tenues par le public senior, de les mettre en parall\u00e8le avec celles attendues par l&#8217;entreprise, puis d&#8217;accompagner la personne pour la suite de sa vie professionnelle.<\/p>\n<p><img loading=\"lazy\" class=\"alignnone wp-image-500\" src=\"https:\/\/intermife.fr\/intermifeaura\/wp-content\/uploads\/sites\/2\/2022\/05\/article2-300x149.png\" alt=\"\" width=\"556\" height=\"276\" srcset=\"https:\/\/intermife.fr\/intermifeaura\/wp-content\/uploads\/sites\/2\/2022\/05\/article2-300x149.png 300w, https:\/\/intermife.fr\/intermifeaura\/wp-content\/uploads\/sites\/2\/2022\/05\/article2-768x381.png 768w, https:\/\/intermife.fr\/intermifeaura\/wp-content\/uploads\/sites\/2\/2022\/05\/article2-230x114.png 230w, https:\/\/intermife.fr\/intermifeaura\/wp-content\/uploads\/sites\/2\/2022\/05\/article2-350x174.png 350w, https:\/\/intermife.fr\/intermifeaura\/wp-content\/uploads\/sites\/2\/2022\/05\/article2-480x238.png 480w, https:\/\/intermife.fr\/intermifeaura\/wp-content\/uploads\/sites\/2\/2022\/05\/article2.png 824w\" sizes=\"(max-width: 556px) 100vw, 556px\" \/><\/p>\n<p><img loading=\"lazy\" class=\"alignnone wp-image-499\" src=\"https:\/\/intermife.fr\/intermifeaura\/wp-content\/uploads\/sites\/2\/2022\/05\/article1-233x300.png\" alt=\"\" width=\"458\" height=\"590\" srcset=\"https:\/\/intermife.fr\/intermifeaura\/wp-content\/uploads\/sites\/2\/2022\/05\/article1-233x300.png 233w, https:\/\/intermife.fr\/intermifeaura\/wp-content\/uploads\/sites\/2\/2022\/05\/article1-230x296.png 230w, https:\/\/intermife.fr\/intermifeaura\/wp-content\/uploads\/sites\/2\/2022\/05\/article1-350x450.png 350w, https:\/\/intermife.fr\/intermifeaura\/wp-content\/uploads\/sites\/2\/2022\/05\/article1-480x618.png 480w, https:\/\/intermife.fr\/intermifeaura\/wp-content\/uploads\/sites\/2\/2022\/05\/article1.png 641w\" sizes=\"(max-width: 458px) 100vw, 458px\" \/><\/p>\n","protected":false},"excerpt":{"rendered":"<p>La MIFE de l&#8217;Ain propose un dispositif permettant d&#8217;identifier les comp\u00e9tences d\u00e9tenues par le public senior, de les mettre en parall\u00e8le avec celles attendues par l&#8217;entreprise, puis d&#8217;accompagner la personne pour la suite de sa vie professionnelle.<\/p>\n","protected":false},"author":6,"featured_media":501,"comment_status":"closed","ping_status":"open","sticky":false,"template":"","format":"standard","meta":[],"categories":[4],"tags":[],"_links":{"self":[{"href":"https:\/\/intermife.fr\/intermifeaura\/wp-json\/wp\/v2\/posts\/498"}],"collection":[{"href":"https:\/\/intermife.fr\/intermifeaura\/wp-json\/wp\/v2\/posts"}],"about":[{"href":"https:\/\/intermife.fr\/intermifeaura\/wp-json\/wp\/v2\/types\/post"}],"author":[{"embeddable":true,"href":"https:\/\/intermife.fr\/intermifeaura\/wp-json\/wp\/v2\/users\/6"}],"replies":[{"embeddable":true,"href":"https:\/\/intermife.fr\/intermifeaura\/wp-json\/wp\/v2\/comments?post=498"}],"version-history":[{"count":1,"href":"https:\/\/intermife.fr\/intermifeaura\/wp-json\/wp\/v2\/posts\/498\/revisions"}],"predecessor-version":[{"id":502,"href":"https:\/\/intermife.fr\/intermifeaura\/wp-json\/wp\/v2\/posts\/498\/revisions\/502"}],"wp:featuredmedia":[{"embeddable":true,"href":"https:\/\/intermife.fr\/intermifeaura\/wp-json\/wp\/v2\/media\/501"}],"wp:attachment":[{"href":"https:\/\/intermife.fr\/intermifeaura\/wp-json\/wp\/v2\/media?parent=498"}],"wp:term":[{"taxonomy":"category","embeddable":true,"href":"https:\/\/intermife.fr\/intermifeaura\/wp-json\/wp\/v2\/categories?post=498"},{"taxonomy":"post_tag","embeddable":true,"href":"https:\/\/intermife.fr\/intermifeaura\/wp-json\/wp\/v2\/tags?post=498"}],"curies":[{"name":"wp","href":"https:\/\/api.w.org\/{rel}","templated":true}]}}