{"id":503,"date":"2022-05-05T11:41:14","date_gmt":"2022-05-05T09:41:14","guid":{"rendered":"https:\/\/intermife.fr\/intermifeaura\/?p=503"},"modified":"2022-05-05T11:55:42","modified_gmt":"2022-05-05T09:55:42","slug":"zoom-emploi-du-bassin-dannecy-jour-1","status":"publish","type":"post","link":"https:\/\/intermife.fr\/intermifeaura\/zoom-emploi-du-bassin-dannecy-jour-1\/","title":{"rendered":"Zoom emploi du bassin d&#8217;Annecy &#8211; Jour 1"},"content":{"rendered":"<div dir=\"auto\">R\u00e9sum\u00e9 de notre 1ere journ\u00e9e de visites entreprises. Des emplois et secteurs d\u2019activit\u00e9s tr\u00e8s vari\u00e9s !<\/div>\n<div dir=\"auto\">GEIQ industrie et interpro des Savoie\/ GE Multip\u00f4le : Geiq Industrie Savoie des emplois et formations dans les secteurs de l\u2019industrie, de l\u2019agroalimentaire et du num\u00e9rique. Un suivi socio pro et des parcours individualis\u00e9s<\/div>\n<div dir=\"auto\">Bombardos : <a class=\"oajrlxb2 g5ia77u1 qu0x051f esr5mh6w e9989ue4 r7d6kgcz rq0escxv nhd2j8a9 nc684nl6 p7hjln8o kvgmc6g5 cxmmr5t8 oygrvhab hcukyx3x jb3vyjys rz4wbd8a qt6c0cv9 a8nywdso i1ao9s8h esuyzwwr f1sip0of lzcic4wl gpro0wi8 q66pz984 b1v8xokw\" role=\"link\" href=\"https:\/\/www.facebook.com\/bombardosbeer?__cft__[0]=AZV1EBGGwv1PQVQrUAmug1uuSD6syAlYAuDjxV2xedXWLOV59GfWgtTLgeLISu7veOeayep3kAyoFSFInByGN4iqDzrRwPe6ggkKIYh1q8wFh7AYlVscoKhNKu7esgLGvtI&amp;__tn__=-]K-R\"><span class=\"nc684nl6\">Bombardos<\/span><\/a> micro brasserie, un m\u00e9tier en plein essor et des personnes passionn\u00e9es !<\/div>\n<div dir=\"auto\">Magasin \u00ab Au rendez-vous du terroir \u00bb : <a class=\"oajrlxb2 g5ia77u1 qu0x051f esr5mh6w e9989ue4 r7d6kgcz rq0escxv nhd2j8a9 nc684nl6 p7hjln8o kvgmc6g5 cxmmr5t8 oygrvhab hcukyx3x jb3vyjys rz4wbd8a qt6c0cv9 a8nywdso i1ao9s8h esuyzwwr f1sip0of lzcic4wl gpro0wi8 q66pz984 b1v8xokw\" role=\"link\" href=\"https:\/\/www.facebook.com\/RDVduterroir\/?__cft__[0]=AZV1EBGGwv1PQVQrUAmug1uuSD6syAlYAuDjxV2xedXWLOV59GfWgtTLgeLISu7veOeayep3kAyoFSFInByGN4iqDzrRwPe6ggkKIYh1q8wFh7AYlVscoKhNKu7esgLGvtI&amp;__tn__=kK-R\"><span class=\"nc684nl6\">Au Rendez-Vous du Terroir<\/span><\/a> pr\u00e9sentation des m\u00e9tiers du monde agricole et de la vente. 15 producteurs locaux en association depuis 12 ans et qui d\u00e9veloppent leur magasin coop\u00e9ratif pour vendre leurs produits.<\/div>\n<div dir=\"auto\">Serres horticoles de la ville d\u2019Annecy : jardinage, animation, fleurissement, composition florale, des m\u00e9tiers vari\u00e9es une passion partag\u00e9e !<\/div>\n<div dir=\"auto\"><a class=\"oajrlxb2 g5ia77u1 qu0x051f esr5mh6w e9989ue4 r7d6kgcz rq0escxv nhd2j8a9 nc684nl6 p7hjln8o kvgmc6g5 cxmmr5t8 oygrvhab hcukyx3x jb3vyjys rz4wbd8a qt6c0cv9 a8nywdso i1ao9s8h esuyzwwr f1sip0of lzcic4wl gpro0wi8 py34i1dx\" role=\"link\" href=\"https:\/\/l.facebook.com\/l.php?u=https%3A%2F%2Fwww.annecy.fr%2F296-un-nouveau-centre-horticole.htm%3Ffbclid%3DIwAR3wR0uUGrCbU-0UmWqlZxnw6xK5JXXg6EXBTj_FMHpAdr9c2nELgnt79AA&amp;h=AT2fHk8prkLrAcKL6uBRpIK9wD8fBYtpk3lfF0dtOj_1M75SATToeOc0gpbfIch-cctsPvROixjkjldnNOsCCJ5oV4vWs_qBr_5Bu-bMvbIMQg6FVU0mJd3xtMh0nJsK&amp;__tn__=-UK-R&amp;c[0]=AT12R4xzgbv1ZrFknaa5_yYzswGD3sEGRxWPndHsqbB0dPKNj-Kev8Ge8Ym_0tv_mWoTIAjLq78FNMY7cZONa5_L6Wy6wapoFFkJ3_wqpDPlz0HUPAJ9S4R3wEWijPLbTSddp1sNZIn-wl6InB0seVg2fw\" target=\"_blank\" rel=\"nofollow noopener\">https:\/\/www.annecy.fr\/296-un-nouveau-centre-horticole.htm<\/a><\/div>\n<div dir=\"auto\">SERENITY.dom : Serenity Dom secteur de l\u2019aide \u00e0 la personne, t\u00e9moignage d\u2019aide \u00e0 domicile et auxiliaire de vie empathiques et tr\u00e8s investies ! L\u2019association recrute, propose des stages, une p\u00e9riode d\u2019int\u00e9gration et de formation.<\/div>\n<div dir=\"auto\">SEFOREST : <a class=\"oajrlxb2 g5ia77u1 qu0x051f esr5mh6w e9989ue4 r7d6kgcz rq0escxv nhd2j8a9 nc684nl6 p7hjln8o kvgmc6g5 cxmmr5t8 oygrvhab hcukyx3x jb3vyjys rz4wbd8a qt6c0cv9 a8nywdso i1ao9s8h esuyzwwr f1sip0of lzcic4wl gpro0wi8 py34i1dx\" role=\"link\" href=\"https:\/\/l.facebook.com\/l.php?u=https%3A%2F%2Fwww.seforest.com%2F%3Ffbclid%3DIwAR3mThxMDnI3Dq8z_NoM_FtadR6bQUY2QU1mSVdZmZVZWpiXFTAAN_YJe0A&amp;h=AT1c6OqmExYLRfyKnnOBdnxitTG0HrjeUpgcHNuLu4CIytj6SJ-kCiorlGz7LBz9If67a6u222LYLtlphQOyMi2XkY31adzhQC2OspWSyITYPvvdTm8CZxTJQzQ4HC8_&amp;__tn__=-UK-R&amp;c[0]=AT12R4xzgbv1ZrFknaa5_yYzswGD3sEGRxWPndHsqbB0dPKNj-Kev8Ge8Ym_0tv_mWoTIAjLq78FNMY7cZONa5_L6Wy6wapoFFkJ3_wqpDPlz0HUPAJ9S4R3wEWijPLbTSddp1sNZIn-wl6InB0seVg2fw\" target=\"_blank\" rel=\"nofollow noopener\">https:\/\/www.seforest.com\/<\/a> Entreprise d\u2019insertion multiservices avec 40% d\u2019emplois en insertion et 60% en permanent. Valeurs associatives, sociales et forte coh\u00e9sion d\u2019\u00e9quipe !<\/div>\n<div dir=\"auto\">Magasin le local : <a class=\"oajrlxb2 g5ia77u1 qu0x051f esr5mh6w e9989ue4 r7d6kgcz rq0escxv nhd2j8a9 nc684nl6 p7hjln8o kvgmc6g5 cxmmr5t8 oygrvhab hcukyx3x jb3vyjys rz4wbd8a qt6c0cv9 a8nywdso i1ao9s8h esuyzwwr f1sip0of lzcic4wl gpro0wi8 q66pz984 b1v8xokw\" role=\"link\" href=\"https:\/\/www.facebook.com\/lelocal.epicerie\/?__cft__[0]=AZV1EBGGwv1PQVQrUAmug1uuSD6syAlYAuDjxV2xedXWLOV59GfWgtTLgeLISu7veOeayep3kAyoFSFInByGN4iqDzrRwPe6ggkKIYh1q8wFh7AYlVscoKhNKu7esgLGvtI&amp;__tn__=kK-R\"><span class=\"nc684nl6\">Le Local &#8211; \u00e9picerie<\/span><\/a> emploi de la vente et du commerce avec un projet pr\u00e9cis \u261e des produits sains, des producteurs locaux et sans emballage<\/div>\n<div dir=\"auto\">Cars PHILIBERT : <a class=\"oajrlxb2 g5ia77u1 qu0x051f esr5mh6w e9989ue4 r7d6kgcz rq0escxv nhd2j8a9 nc684nl6 p7hjln8o kvgmc6g5 cxmmr5t8 oygrvhab hcukyx3x jb3vyjys rz4wbd8a qt6c0cv9 a8nywdso i1ao9s8h esuyzwwr f1sip0of lzcic4wl gpro0wi8 q66pz984 b1v8xokw\" role=\"link\" href=\"https:\/\/www.facebook.com\/philiberttransport\/?__cft__[0]=AZV1EBGGwv1PQVQrUAmug1uuSD6syAlYAuDjxV2xedXWLOV59GfWgtTLgeLISu7veOeayep3kAyoFSFInByGN4iqDzrRwPe6ggkKIYh1q8wFh7AYlVscoKhNKu7esgLGvtI&amp;__tn__=kK-R\"><span class=\"nc684nl6\">Philibert Transport<\/span><\/a> recrutent des emplois de la conduite de voyageur principalement et propose un maximum d\u2019adaptation sur les horaires, le planning, le temps de travail\u2026<\/div>\n","protected":false},"excerpt":{"rendered":"<p>R\u00e9sum\u00e9 de notre 1ere journ\u00e9e de visites entreprises. Des emplois et secteurs d\u2019activit\u00e9s tr\u00e8s vari\u00e9s ! GEIQ industrie et interpro des Savoie\/ GE Multip\u00f4le : Geiq Industrie Savoie des emplois et formations dans les secteurs de l\u2019industrie, de l\u2019agroalimentaire et du num\u00e9rique. Un suivi socio pro et des parcours individualis\u00e9s Bombardos : Bombardos micro brasserie, [&hellip;]<\/p>\n","protected":false},"author":6,"featured_media":504,"comment_status":"closed","ping_status":"open","sticky":false,"template":"","format":"standard","meta":[],"categories":[4],"tags":[],"_links":{"self":[{"href":"https:\/\/intermife.fr\/intermifeaura\/wp-json\/wp\/v2\/posts\/503"}],"collection":[{"href":"https:\/\/intermife.fr\/intermifeaura\/wp-json\/wp\/v2\/posts"}],"about":[{"href":"https:\/\/intermife.fr\/intermifeaura\/wp-json\/wp\/v2\/types\/post"}],"author":[{"embeddable":true,"href":"https:\/\/intermife.fr\/intermifeaura\/wp-json\/wp\/v2\/users\/6"}],"replies":[{"embeddable":true,"href":"https:\/\/intermife.fr\/intermifeaura\/wp-json\/wp\/v2\/comments?post=503"}],"version-history":[{"count":1,"href":"https:\/\/intermife.fr\/intermifeaura\/wp-json\/wp\/v2\/posts\/503\/revisions"}],"predecessor-version":[{"id":505,"href":"https:\/\/intermife.fr\/intermifeaura\/wp-json\/wp\/v2\/posts\/503\/revisions\/505"}],"wp:featuredmedia":[{"embeddable":true,"href":"https:\/\/intermife.fr\/intermifeaura\/wp-json\/wp\/v2\/media\/504"}],"wp:attachment":[{"href":"https:\/\/intermife.fr\/intermifeaura\/wp-json\/wp\/v2\/media?parent=503"}],"wp:term":[{"taxonomy":"category","embeddable":true,"href":"https:\/\/intermife.fr\/intermifeaura\/wp-json\/wp\/v2\/categories?post=503"},{"taxonomy":"post_tag","embeddable":true,"href":"https:\/\/intermife.fr\/intermifeaura\/wp-json\/wp\/v2\/tags?post=503"}],"curies":[{"name":"wp","href":"https:\/\/api.w.org\/{rel}","templated":true}]}}