{"id":516,"date":"2022-09-14T15:20:43","date_gmt":"2022-09-14T13:20:43","guid":{"rendered":"https:\/\/intermife.fr\/intermifeaura\/?p=516"},"modified":"2022-09-14T15:32:19","modified_gmt":"2022-09-14T13:32:19","slug":"les-20-ans-de-la-vae","status":"publish","type":"post","link":"https:\/\/intermife.fr\/intermifeaura\/les-20-ans-de-la-vae\/","title":{"rendered":"Les 20 ans de la VAE"},"content":{"rendered":"<p>La MIFE Auvergne et la Mission locale du Velay organisent une information collective \u00e0 l\u2019occasion des 20 ans de la VAE le <u>mardi 20 septembre 2022 \u00e0 partir de 14h00<\/u> \u00e0 la Cit\u00e9 N\u00e9gocia.<\/p>\n<p>Nous aurons la chance de recevoir des anciens candidats \u00e0 la VAE qui pourrons t\u00e9moigner de leur exp\u00e9rience et r\u00e9pondre \u00e0 vos questions.<\/p>\n<p>Nous vous attendons nombreux\u2026<\/p>\n","protected":false},"excerpt":{"rendered":"<p>La MIFE Auvergne et la Mission locale du Velay organisent une information collective \u00e0 l\u2019occasion des 20 ans de la VAE le mardi 20 septembre 2022 \u00e0 partir de 14h00 \u00e0 la Cit\u00e9 N\u00e9gocia. Nous aurons la chance de recevoir des anciens candidats \u00e0 la VAE qui pourrons t\u00e9moigner de leur exp\u00e9rience et r\u00e9pondre \u00e0 [&hellip;]<\/p>\n","protected":false},"author":7,"featured_media":519,"comment_status":"closed","ping_status":"open","sticky":false,"template":"","format":"standard","meta":[],"categories":[4],"tags":[],"_links":{"self":[{"href":"https:\/\/intermife.fr\/intermifeaura\/wp-json\/wp\/v2\/posts\/516"}],"collection":[{"href":"https:\/\/intermife.fr\/intermifeaura\/wp-json\/wp\/v2\/posts"}],"about":[{"href":"https:\/\/intermife.fr\/intermifeaura\/wp-json\/wp\/v2\/types\/post"}],"author":[{"embeddable":true,"href":"https:\/\/intermife.fr\/intermifeaura\/wp-json\/wp\/v2\/users\/7"}],"replies":[{"embeddable":true,"href":"https:\/\/intermife.fr\/intermifeaura\/wp-json\/wp\/v2\/comments?post=516"}],"version-history":[{"count":5,"href":"https:\/\/intermife.fr\/intermifeaura\/wp-json\/wp\/v2\/posts\/516\/revisions"}],"predecessor-version":[{"id":522,"href":"https:\/\/intermife.fr\/intermifeaura\/wp-json\/wp\/v2\/posts\/516\/revisions\/522"}],"wp:featuredmedia":[{"embeddable":true,"href":"https:\/\/intermife.fr\/intermifeaura\/wp-json\/wp\/v2\/media\/519"}],"wp:attachment":[{"href":"https:\/\/intermife.fr\/intermifeaura\/wp-json\/wp\/v2\/media?parent=516"}],"wp:term":[{"taxonomy":"category","embeddable":true,"href":"https:\/\/intermife.fr\/intermifeaura\/wp-json\/wp\/v2\/categories?post=516"},{"taxonomy":"post_tag","embeddable":true,"href":"https:\/\/intermife.fr\/intermifeaura\/wp-json\/wp\/v2\/tags?post=516"}],"curies":[{"name":"wp","href":"https:\/\/api.w.org\/{rel}","templated":true}]}}