{"id":775,"date":"2024-04-26T08:50:09","date_gmt":"2024-04-26T06:50:09","guid":{"rendered":"https:\/\/intermife.fr\/intermifeaura\/?p=775"},"modified":"2024-04-26T08:50:09","modified_gmt":"2024-04-26T06:50:09","slug":"reunion-info-salaries","status":"publish","type":"post","link":"https:\/\/intermife.fr\/intermifeaura\/reunion-info-salaries\/","title":{"rendered":"R\u00e9union info salari\u00e9s"},"content":{"rendered":"<p>Salari\u00e9s, connaissez-vous les possibilit\u00e9s pour vous former ?<\/p>\n<p>Vous souhaitez :<br \/>\n\u2022 utiliser votre compte CPF,<br \/>\n\u2022 \u00e9voluer professionnellement<br \/>\n\u2022 vous reconvertir, changer d&#8217;orientation professionnelle,&#8230;<br \/>\n\u2022 obtenir un dipl\u00f4me par la Validation des Acquis de l&#8217;Exp\u00e9rience (VAE),&#8230;<\/p>\n<p>La Maison de l\u2019Emploi vous invite \u00e0 une r\u00e9union d&#8217;information sur les dispositifs de formation le : JEUDI 16 Mai 2024 \u00e0 18h00 dans ses locaux \u00e0 VOIRON<\/p>\n<p>R\u00e9union propos\u00e9e en pr\u00e9sentiel ou en visioconf\u00e9rence<br \/>\nSur inscription au 04 76 93 17 18 ou sur notre site internet : www.emploi-pvsg.org\/evenements<\/p>\n","protected":false},"excerpt":{"rendered":"<p>Salari\u00e9s, connaissez-vous les possibilit\u00e9s pour vous former ? Vous souhaitez : \u2022 utiliser votre compte CPF, \u2022 \u00e9voluer professionnellement \u2022 vous reconvertir, changer d&#8217;orientation professionnelle,&#8230; \u2022 obtenir un dipl\u00f4me par la Validation des Acquis de l&#8217;Exp\u00e9rience (VAE),&#8230; La Maison de l\u2019Emploi vous invite \u00e0 une r\u00e9union d&#8217;information sur les dispositifs de formation le : JEUDI [&hellip;]<\/p>\n","protected":false},"author":6,"featured_media":776,"comment_status":"closed","ping_status":"open","sticky":false,"template":"","format":"standard","meta":[],"categories":[4],"tags":[],"_links":{"self":[{"href":"https:\/\/intermife.fr\/intermifeaura\/wp-json\/wp\/v2\/posts\/775"}],"collection":[{"href":"https:\/\/intermife.fr\/intermifeaura\/wp-json\/wp\/v2\/posts"}],"about":[{"href":"https:\/\/intermife.fr\/intermifeaura\/wp-json\/wp\/v2\/types\/post"}],"author":[{"embeddable":true,"href":"https:\/\/intermife.fr\/intermifeaura\/wp-json\/wp\/v2\/users\/6"}],"replies":[{"embeddable":true,"href":"https:\/\/intermife.fr\/intermifeaura\/wp-json\/wp\/v2\/comments?post=775"}],"version-history":[{"count":1,"href":"https:\/\/intermife.fr\/intermifeaura\/wp-json\/wp\/v2\/posts\/775\/revisions"}],"predecessor-version":[{"id":777,"href":"https:\/\/intermife.fr\/intermifeaura\/wp-json\/wp\/v2\/posts\/775\/revisions\/777"}],"wp:featuredmedia":[{"embeddable":true,"href":"https:\/\/intermife.fr\/intermifeaura\/wp-json\/wp\/v2\/media\/776"}],"wp:attachment":[{"href":"https:\/\/intermife.fr\/intermifeaura\/wp-json\/wp\/v2\/media?parent=775"}],"wp:term":[{"taxonomy":"category","embeddable":true,"href":"https:\/\/intermife.fr\/intermifeaura\/wp-json\/wp\/v2\/categories?post=775"},{"taxonomy":"post_tag","embeddable":true,"href":"https:\/\/intermife.fr\/intermifeaura\/wp-json\/wp\/v2\/tags?post=775"}],"curies":[{"name":"wp","href":"https:\/\/api.w.org\/{rel}","templated":true}]}}