{"id":978,"date":"2024-12-02T11:05:08","date_gmt":"2024-12-02T10:05:08","guid":{"rendered":"https:\/\/intermife.fr\/intermifeaura\/?p=978"},"modified":"2024-12-02T11:05:08","modified_gmt":"2024-12-02T10:05:08","slug":"focus-emploi-les-metiers-qui-recrutent-en-mission-dinterim","status":"publish","type":"post","link":"https:\/\/intermife.fr\/intermifeaura\/focus-emploi-les-metiers-qui-recrutent-en-mission-dinterim\/","title":{"rendered":"Focus Emploi : Les m\u00e9tiers qui recrutent en mission d&#8217;int\u00e9rim"},"content":{"rendered":"<p style=\"text-align: center;\">La MEE-MIFE Is\u00e8re organise un FOCUS EMPLOI en partenariat avec l\u2018Agence HELP EMPLOI :<br \/>\nTh\u00e8me : Les m\u00e9tiers qui recrutent en mission d&#8217;int\u00e9rim<br \/>\n<span style=\"font-size: 14pt;\"><strong>Mardi 03 d\u00e9cembre 2024 de 14h \u00e0 16h00<\/strong><\/span><\/p>\n<p style=\"text-align: center;\">\u00e0 la Maison de l\u2019emploi et de l\u2019Entreprise \u2013 MIFE Is\u00e8re<br \/>\n4 avenue du G\u00e9n\u00e9ral de Gaule \u00e0 Saint-Egr\u00e8ve<\/p>\n<p style=\"text-align: center;\">D\u00e9couvrez les missions dans ce secteur, et les qualit\u00e9s et comp\u00e9tences requises.<\/p>\n<p style=\"text-align: center;\">\u00c0 la fin de la pr\u00e9sentation, les personnes int\u00e9ress\u00e9es, munies de leur CV, pourront \u00eatre re\u00e7ues en entretien.<\/p>\n<p style=\"text-align: center;\">Inscription au 04 76 13 18 05 ou par mail \u00e0 contact@mee-mife.fr<\/p>\n<p><img loading=\"lazy\" class=\" wp-image-979 aligncenter\" src=\"https:\/\/intermife.fr\/intermifeaura\/wp-content\/uploads\/sites\/2\/2024\/12\/MEE-MIFE-Isere-2024_-FocusEmploi-Help-Emploi-3-decembre-2024-verso-208x300.jpg\" alt=\"\" width=\"430\" height=\"620\" srcset=\"https:\/\/intermife.fr\/intermifeaura\/wp-content\/uploads\/sites\/2\/2024\/12\/MEE-MIFE-Isere-2024_-FocusEmploi-Help-Emploi-3-decembre-2024-verso-208x300.jpg 208w, https:\/\/intermife.fr\/intermifeaura\/wp-content\/uploads\/sites\/2\/2024\/12\/MEE-MIFE-Isere-2024_-FocusEmploi-Help-Emploi-3-decembre-2024-verso-709x1024.jpg 709w, https:\/\/intermife.fr\/intermifeaura\/wp-content\/uploads\/sites\/2\/2024\/12\/MEE-MIFE-Isere-2024_-FocusEmploi-Help-Emploi-3-decembre-2024-verso-768x1109.jpg 768w, https:\/\/intermife.fr\/intermifeaura\/wp-content\/uploads\/sites\/2\/2024\/12\/MEE-MIFE-Isere-2024_-FocusEmploi-Help-Emploi-3-decembre-2024-verso-1063x1536.jpg 1063w, https:\/\/intermife.fr\/intermifeaura\/wp-content\/uploads\/sites\/2\/2024\/12\/MEE-MIFE-Isere-2024_-FocusEmploi-Help-Emploi-3-decembre-2024-verso-830x1199.jpg 830w, https:\/\/intermife.fr\/intermifeaura\/wp-content\/uploads\/sites\/2\/2024\/12\/MEE-MIFE-Isere-2024_-FocusEmploi-Help-Emploi-3-decembre-2024-verso-230x332.jpg 230w, https:\/\/intermife.fr\/intermifeaura\/wp-content\/uploads\/sites\/2\/2024\/12\/MEE-MIFE-Isere-2024_-FocusEmploi-Help-Emploi-3-decembre-2024-verso-350x506.jpg 350w, https:\/\/intermife.fr\/intermifeaura\/wp-content\/uploads\/sites\/2\/2024\/12\/MEE-MIFE-Isere-2024_-FocusEmploi-Help-Emploi-3-decembre-2024-verso-480x693.jpg 480w, https:\/\/intermife.fr\/intermifeaura\/wp-content\/uploads\/sites\/2\/2024\/12\/MEE-MIFE-Isere-2024_-FocusEmploi-Help-Emploi-3-decembre-2024-verso.jpg 1125w\" sizes=\"(max-width: 430px) 100vw, 430px\" \/><\/p>\n","protected":false},"excerpt":{"rendered":"<p>La MEE-MIFE Is\u00e8re organise un FOCUS EMPLOI en partenariat avec l\u2018Agence HELP EMPLOI : Th\u00e8me : Les m\u00e9tiers qui recrutent en mission d&#8217;int\u00e9rim Mardi 03 d\u00e9cembre 2024 de 14h \u00e0 16h00 \u00e0 la Maison de l\u2019emploi et de l\u2019Entreprise \u2013 MIFE Is\u00e8re 4 avenue du G\u00e9n\u00e9ral de Gaule \u00e0 Saint-Egr\u00e8ve D\u00e9couvrez les missions dans ce [&hellip;]<\/p>\n","protected":false},"author":8,"featured_media":980,"comment_status":"closed","ping_status":"open","sticky":false,"template":"","format":"standard","meta":[],"categories":[4],"tags":[],"_links":{"self":[{"href":"https:\/\/intermife.fr\/intermifeaura\/wp-json\/wp\/v2\/posts\/978"}],"collection":[{"href":"https:\/\/intermife.fr\/intermifeaura\/wp-json\/wp\/v2\/posts"}],"about":[{"href":"https:\/\/intermife.fr\/intermifeaura\/wp-json\/wp\/v2\/types\/post"}],"author":[{"embeddable":true,"href":"https:\/\/intermife.fr\/intermifeaura\/wp-json\/wp\/v2\/users\/8"}],"replies":[{"embeddable":true,"href":"https:\/\/intermife.fr\/intermifeaura\/wp-json\/wp\/v2\/comments?post=978"}],"version-history":[{"count":2,"href":"https:\/\/intermife.fr\/intermifeaura\/wp-json\/wp\/v2\/posts\/978\/revisions"}],"predecessor-version":[{"id":982,"href":"https:\/\/intermife.fr\/intermifeaura\/wp-json\/wp\/v2\/posts\/978\/revisions\/982"}],"wp:featuredmedia":[{"embeddable":true,"href":"https:\/\/intermife.fr\/intermifeaura\/wp-json\/wp\/v2\/media\/980"}],"wp:attachment":[{"href":"https:\/\/intermife.fr\/intermifeaura\/wp-json\/wp\/v2\/media?parent=978"}],"wp:term":[{"taxonomy":"category","embeddable":true,"href":"https:\/\/intermife.fr\/intermifeaura\/wp-json\/wp\/v2\/categories?post=978"},{"taxonomy":"post_tag","embeddable":true,"href":"https:\/\/intermife.fr\/intermifeaura\/wp-json\/wp\/v2\/tags?post=978"}],"curies":[{"name":"wp","href":"https:\/\/api.w.org\/{rel}","templated":true}]}}