{"id":3086,"date":"2026-04-28T09:05:41","date_gmt":"2026-04-28T07:05:41","guid":{"rendered":"https:\/\/intermife.fr\/intra\/?p=3086"},"modified":"2026-04-28T09:05:41","modified_gmt":"2026-04-28T07:05:41","slug":"cpf-un-dispositif-plebiscite-mais-en-quete-de-sens","status":"publish","type":"post","link":"https:\/\/intermife.fr\/intra\/cpf-un-dispositif-plebiscite-mais-en-quete-de-sens\/","title":{"rendered":"CPF : un dispositif pl\u00e9biscit\u00e9, mais en qu\u00eate de sens"},"content":{"rendered":"Vous devez \u00eatre connect\u00e9 pour voir ce contenu.","protected":false},"excerpt":{"rendered":"Vous devez \u00eatre connect\u00e9 pour voir ce contenu.","protected":false},"author":53,"featured_media":0,"comment_status":"open","ping_status":"open","sticky":false,"template":"","format":"standard","meta":[],"categories":[18,73],"tags":[],"_links":{"self":[{"href":"https:\/\/intermife.fr\/intra\/wp-json\/wp\/v2\/posts\/3086"}],"collection":[{"href":"https:\/\/intermife.fr\/intra\/wp-json\/wp\/v2\/posts"}],"about":[{"href":"https:\/\/intermife.fr\/intra\/wp-json\/wp\/v2\/types\/post"}],"author":[{"embeddable":true,"href":"https:\/\/intermife.fr\/intra\/wp-json\/wp\/v2\/users\/53"}],"replies":[{"embeddable":true,"href":"https:\/\/intermife.fr\/intra\/wp-json\/wp\/v2\/comments?post=3086"}],"version-history":[{"count":1,"href":"https:\/\/intermife.fr\/intra\/wp-json\/wp\/v2\/posts\/3086\/revisions"}],"predecessor-version":[{"id":3087,"href":"https:\/\/intermife.fr\/intra\/wp-json\/wp\/v2\/posts\/3086\/revisions\/3087"}],"wp:attachment":[{"href":"https:\/\/intermife.fr\/intra\/wp-json\/wp\/v2\/media?parent=3086"}],"wp:term":[{"taxonomy":"category","embeddable":true,"href":"https:\/\/intermife.fr\/intra\/wp-json\/wp\/v2\/categories?post=3086"},{"taxonomy":"post_tag","embeddable":true,"href":"https:\/\/intermife.fr\/intra\/wp-json\/wp\/v2\/tags?post=3086"}],"curies":[{"name":"wp","href":"https:\/\/api.w.org\/{rel}","templated":true}]}}