{"id":3152,"date":"2026-09-03T14:10:46","date_gmt":"2026-09-03T12:10:46","guid":{"rendered":"https:\/\/intermife.fr\/intra\/?p=3152"},"modified":"2026-09-03T14:10:46","modified_gmt":"2026-09-03T12:10:46","slug":"rapport-regions-de-france-penser-lorientation-de-demain-les-mife-citees-comme-lieux-possibles-des-futures-maisons-de-lorientation","status":"publish","type":"post","link":"https:\/\/intermife.fr\/intra\/rapport-regions-de-france-penser-lorientation-de-demain-les-mife-citees-comme-lieux-possibles-des-futures-maisons-de-lorientation\/","title":{"rendered":"Rapport R\u00e9gions de France \u2013 Penser l\u2019orientation de demain : les MIFE cit\u00e9es comme lieux possibles des futures Maisons de l\u2019Orientation"},"content":{"rendered":"Vous devez \u00eatre connect\u00e9 pour voir ce contenu.","protected":false},"excerpt":{"rendered":"Vous devez \u00eatre connect\u00e9 pour voir ce contenu.","protected":false},"author":53,"featured_media":0,"comment_status":"open","ping_status":"open","sticky":false,"template":"","format":"standard","meta":[],"categories":[18,73],"tags":[],"_links":{"self":[{"href":"https:\/\/intermife.fr\/intra\/wp-json\/wp\/v2\/posts\/3152"}],"collection":[{"href":"https:\/\/intermife.fr\/intra\/wp-json\/wp\/v2\/posts"}],"about":[{"href":"https:\/\/intermife.fr\/intra\/wp-json\/wp\/v2\/types\/post"}],"author":[{"embeddable":true,"href":"https:\/\/intermife.fr\/intra\/wp-json\/wp\/v2\/users\/53"}],"replies":[{"embeddable":true,"href":"https:\/\/intermife.fr\/intra\/wp-json\/wp\/v2\/comments?post=3152"}],"version-history":[{"count":1,"href":"https:\/\/intermife.fr\/intra\/wp-json\/wp\/v2\/posts\/3152\/revisions"}],"predecessor-version":[{"id":3154,"href":"https:\/\/intermife.fr\/intra\/wp-json\/wp\/v2\/posts\/3152\/revisions\/3154"}],"wp:attachment":[{"href":"https:\/\/intermife.fr\/intra\/wp-json\/wp\/v2\/media?parent=3152"}],"wp:term":[{"taxonomy":"category","embeddable":true,"href":"https:\/\/intermife.fr\/intra\/wp-json\/wp\/v2\/categories?post=3152"},{"taxonomy":"post_tag","embeddable":true,"href":"https:\/\/intermife.fr\/intra\/wp-json\/wp\/v2\/tags?post=3152"}],"curies":[{"name":"wp","href":"https:\/\/api.w.org\/{rel}","templated":true}]}}